{"id":4573,"date":"2024-09-23T11:25:13","date_gmt":"2024-09-23T09:25:13","guid":{"rendered":"https:\/\/www.iconsmallorca.com\/news\/yachting-waehrend-der-icons-mallorca-2024\/"},"modified":"2024-09-23T11:27:22","modified_gmt":"2024-09-23T09:27:22","slug":"yachting-waehrend-der-icons-mallorca-2024","status":"publish","type":"post","link":"https:\/\/www.iconsmallorca.com\/de\/news\/yachting-waehrend-der-icons-mallorca-2024\/","title":{"rendered":"Yachting w\u00e4hrend der ICONS Mallorca 2024"},"content":{"rendered":"<div class=\"wpb-content-wrapper\"><p>[vc_row row_height_percent=&#8220;0&#8243; override_padding=&#8220;yes&#8220; h_padding=&#8220;0&#8243; top_padding=&#8220;0&#8243; bottom_padding=&#8220;0&#8243; overlay_alpha=&#8220;50&#8243; gutter_size=&#8220;3&#8243; column_width_percent=&#8220;100&#8243; shift_y=&#8220;0&#8243; z_index=&#8220;0&#8243; uncode_shortcode_id=&#8220;173894&#8243; css=&#8220;.vc_custom_1722504199700{padding-bottom: 40px !important;}&#8220;][vc_column column_width_percent=&#8220;100&#8243; gutter_size=&#8220;3&#8243; overlay_alpha=&#8220;50&#8243; shift_x=&#8220;0&#8243; shift_y=&#8220;0&#8243; shift_y_down=&#8220;0&#8243; z_index=&#8220;0&#8243; medium_width=&#8220;0&#8243; mobile_width=&#8220;0&#8243; width=&#8220;2\/3&#8243; uncode_shortcode_id=&#8220;671425&#8243; css=&#8220;.vc_custom_1722355341783{padding-right: 80px !important;}&#8220;][vc_column_text uncode_shortcode_id=&#8220;192296&#8243;]<\/p>\n<p style=\"font-weight: 400;\">Ocean Independence (Spezialist f\u00fcr Luxusyachten) bietet Ihnen die einmalige Gelegenheit, Ihren Aufenthalt durch das Chartern einer luxuri\u00f6sen Superyacht im <strong>Club de Mar<\/strong>, Palmas erstklassigem Yachthafen, zu verbessern. Entfliehen Sie den Menschenmassen und ziehen Sie sich jederzeit auf Ihre private Yacht zur\u00fcck, wo Sie sich entspannen, Veranstaltungen durchf\u00fchren oder einfach nur die atemberaubende Aussicht auf das Mittelmeer genie\u00dfen k\u00f6nnen. Mit einer professionellen Crew, die sich um alle Ihre Bed\u00fcrfnisse k\u00fcmmert, ist dies die ultimative M\u00f6glichkeit, die Veranstaltung in wahrem Luxus zu erleben.  <\/p>\n<p>[\/vc_column_text][\/vc_column][vc_column column_width_percent=&#8220;100&#8243; gutter_size=&#8220;3&#8243; overlay_alpha=&#8220;50&#8243; shift_x=&#8220;0&#8243; shift_y=&#8220;0&#8243; shift_y_down=&#8220;0&#8243; z_index=&#8220;0&#8243; medium_width=&#8220;0&#8243; mobile_width=&#8220;0&#8243; width=&#8220;1\/3&#8243; uncode_shortcode_id=&#8220;204469&#8243; css=&#8220;.vc_custom_1725711703005{padding-top: 30px !important;}&#8220;][vc_single_image media=&#8220;4557&#8243; media_width_percent=&#8220;100&#8243; uncode_shortcode_id=&#8220;130242&#8243;][\/vc_column][\/vc_row][vc_row row_height_percent=&#8220;0&#8243; override_padding=&#8220;yes&#8220; h_padding=&#8220;0&#8243; top_padding=&#8220;0&#8243; bottom_padding=&#8220;0&#8243; overlay_alpha=&#8220;50&#8243; gutter_size=&#8220;3&#8243; column_width_percent=&#8220;100&#8243; shift_y=&#8220;0&#8243; z_index=&#8220;0&#8243; uncode_shortcode_id=&#8220;173894&#8243; css=&#8220;.vc_custom_1722504199700{padding-bottom: 40px !important;}&#8220;][vc_column column_width_percent=&#8220;100&#8243; gutter_size=&#8220;3&#8243; overlay_alpha=&#8220;50&#8243; shift_x=&#8220;0&#8243; shift_y=&#8220;0&#8243; shift_y_down=&#8220;0&#8243; z_index=&#8220;0&#8243; medium_width=&#8220;0&#8243; mobile_width=&#8220;0&#8243; width=&#8220;1\/3&#8243; uncode_shortcode_id=&#8220;204469&#8243; css=&#8220;.vc_custom_1725711703005{padding-top: 30px !important;}&#8220;][vc_single_image media=&#8220;4560&#8243; media_width_percent=&#8220;100&#8243; uncode_shortcode_id=&#8220;197580&#8243;][vc_single_image media=&#8220;4563&#8243; media_width_percent=&#8220;100&#8243; uncode_shortcode_id=&#8220;446173&#8243;][vc_single_image media=&#8220;4566&#8243; media_width_percent=&#8220;100&#8243; uncode_shortcode_id=&#8220;145969&#8243;][vc_single_image media=&#8220;4569&#8243; media_width_percent=&#8220;100&#8243; uncode_shortcode_id=&#8220;769573&#8243;][\/vc_column][vc_column column_width_percent=&#8220;100&#8243; gutter_size=&#8220;3&#8243; overlay_alpha=&#8220;50&#8243; shift_x=&#8220;0&#8243; shift_y=&#8220;0&#8243; shift_y_down=&#8220;0&#8243; z_index=&#8220;0&#8243; medium_width=&#8220;0&#8243; mobile_width=&#8220;0&#8243; width=&#8220;2\/3&#8243; uncode_shortcode_id=&#8220;211950&#8243; css=&#8220;.vc_custom_1725718062452{padding-left: 80px !important;}&#8220;][vc_column_text uncode_shortcode_id=&#8220;218037&#8243;]<\/p>\n<p style=\"font-weight: 400;\">ICONS Mallorca freut sich auf die Zusammenarbeit mit den hochqualifizierten Spezialisten von Ocean Independence.<\/p>\n<p style=\"font-weight: 400;\">Eine Yacht bietet unvergleichliche Flexibilit\u00e4t. Ob es darum geht, zur\u00fcckgezogene Zeit an Deck zu verbringen oder vor oder nach der Veranstaltung die Balearen zu erkunden, Ihre Yacht wird zu einem pers\u00f6nlichen Zufluchtsort. Das Expertenteam von Ocean Independence k\u00fcmmert sich um jedes Detail, so dass Sie ein nahtloses, luxuri\u00f6ses Erlebnis von Anfang bis Ende genie\u00dfen k\u00f6nnen.  <\/p>\n<p> F\u00fcr weitere Informationen dar\u00fcber, wie Sie Ihre Superyacht f\u00fcr die ICONS Mallorca sichern k\u00f6nnen, <a href=\"https:\/\/www.oceanindependence.com\/contact-us\/\" target=\"_blank\" rel=\"noopener\">kontaktieren Sie Ocean Independence<\/a>.[\/vc_column_text][vc_column_text uncode_shortcode_id=&#8220;134509&#8243;]<\/p>\n<p style=\"font-weight: 400;\">Ob Sie ein erfahrener Yacht-Enthusiast sind oder zum ersten Mal eine Yacht chartern, Ocean Independence bietet Ihnen ein nahtloses, individuelles Erlebnis. ICONS-Teilnehmer verbringen einen wunderbaren und einzigartigen Abend auf einer der Superyachten im Hafen von Palma, w\u00e4hrend die Rallye-Autos der \u201eOn Tour\u201c-Classic Rallye und die Supersportwagen und Sportwagen der \u201eExtravaganza\u201c-Fahrt auf dem Pier direkt vor der Yacht parken. Was f\u00fcr ein Anblick!  <\/p>\n<p>[\/vc_column_text][vc_button border_width=&#8220;0&#8243; link=&#8220;url:https%3A%2F%2Fwww.oceanindependence.com%2F|target:_blank|&#8220; uncode_shortcode_id=&#8220;158315&#8243;]Mehr Informationen zur Ocean Independence auf der Website[\/vc_button][vc_button border_width=&#8220;0&#8243; link=&#8220;url:https%3A%2F%2Fwww.iconsmallorca.com%2Fdownloads%2F2024%2Fpartners%2FOcean_Independence.docx%20|target:_blank|&#8220; uncode_shortcode_id=&#8220;130138&#8243;]und in dieser Zusammenfassung[\/vc_button][\/vc_column][\/vc_row]<\/p>\n<\/div>","protected":false},"excerpt":{"rendered":"<p>Luxus, Freiheit und Privatsph\u00e4re mit Ocean Independence. Sie suchen das exklusivste Hotel in Palma w\u00e4hrend der ICONS Mallorca? Sie werden es nicht an Land finden.   <\/p>\n","protected":false},"author":1,"featured_media":4554,"comment_status":"closed","ping_status":"closed","sticky":false,"template":"","format":"standard","meta":{"footnotes":""},"categories":[20],"tags":[],"class_list":["post-4573","post","type-post","status-publish","format-standard","has-post-thumbnail","hentry","category-news"],"yoast_head":"<!-- This site is optimized with the Yoast SEO plugin v27.1.1 - https:\/\/yoast.com\/product\/yoast-seo-wordpress\/ -->\n<title>Yachting w\u00e4hrend der ICONS Mallorca 2024 - ICONS Mallorca<\/title>\n<meta name=\"robots\" content=\"index, follow, max-snippet:-1, max-image-preview:large, max-video-preview:-1\" \/>\n<link rel=\"canonical\" href=\"https:\/\/www.iconsmallorca.com\/de\/news\/yachting-waehrend-der-icons-mallorca-2024\/\" \/>\n<meta property=\"og:locale\" content=\"de_DE\" \/>\n<meta property=\"og:type\" content=\"article\" \/>\n<meta property=\"og:title\" content=\"Yachting w\u00e4hrend der ICONS Mallorca 2024 - ICONS Mallorca\" \/>\n<meta property=\"og:description\" content=\"Luxus, Freiheit und Privatsph\u00e4re mit Ocean Independence. Sie suchen das exklusivste Hotel in Palma w\u00e4hrend der ICONS Mallorca? Sie werden es nicht an Land finden.\" \/>\n<meta property=\"og:url\" content=\"https:\/\/www.iconsmallorca.com\/de\/news\/yachting-waehrend-der-icons-mallorca-2024\/\" \/>\n<meta property=\"og:site_name\" content=\"ICONS Mallorca\" \/>\n<meta property=\"article:publisher\" content=\"https:\/\/www.facebook.com\/people\/ICONS-Mallorca\/61556210574876\/\" \/>\n<meta property=\"article:published_time\" content=\"2024-09-23T09:25:13+00:00\" \/>\n<meta property=\"article:modified_time\" content=\"2024-09-23T09:27:22+00:00\" \/>\n<meta property=\"og:image\" content=\"https:\/\/www.iconsmallorca.com\/wp-content\/uploads\/2024\/09\/2024-08-13-16_42_20-Luxusyacht-Rossinavi-50m-22LEL22-im-westlichen-Mittelmeer-chartern-_-Pure-Yachting.png\" \/>\n\t<meta property=\"og:image:width\" content=\"962\" \/>\n\t<meta property=\"og:image:height\" content=\"646\" \/>\n\t<meta property=\"og:image:type\" content=\"image\/png\" \/>\n<meta name=\"author\" content=\"iconsadmin\" \/>\n<meta name=\"twitter:card\" content=\"summary_large_image\" \/>\n<meta name=\"twitter:label1\" content=\"Verfasst von\" \/>\n\t<meta name=\"twitter:data1\" content=\"iconsadmin\" \/>\n\t<meta name=\"twitter:label2\" content=\"Gesch\u00e4tzte Lesezeit\" \/>\n\t<meta name=\"twitter:data2\" content=\"3\u00a0Minuten\" \/>\n<script type=\"application\/ld+json\" class=\"yoast-schema-graph\">{\"@context\":\"https:\/\/schema.org\",\"@graph\":[{\"@type\":\"Article\",\"@id\":\"https:\/\/www.iconsmallorca.com\/de\/news\/yachting-waehrend-der-icons-mallorca-2024\/#article\",\"isPartOf\":{\"@id\":\"https:\/\/www.iconsmallorca.com\/de\/news\/yachting-waehrend-der-icons-mallorca-2024\/\"},\"author\":{\"name\":\"iconsadmin\",\"@id\":\"https:\/\/www.iconsmallorca.com\/de\/#\/schema\/person\/a5ceb4c9330524efa3d3db8566c825c3\"},\"headline\":\"Yachting w\u00e4hrend der ICONS Mallorca 2024\",\"datePublished\":\"2024-09-23T09:25:13+00:00\",\"dateModified\":\"2024-09-23T09:27:22+00:00\",\"mainEntityOfPage\":{\"@id\":\"https:\/\/www.iconsmallorca.com\/de\/news\/yachting-waehrend-der-icons-mallorca-2024\/\"},\"wordCount\":602,\"publisher\":{\"@id\":\"https:\/\/www.iconsmallorca.com\/de\/#organization\"},\"image\":{\"@id\":\"https:\/\/www.iconsmallorca.com\/de\/news\/yachting-waehrend-der-icons-mallorca-2024\/#primaryimage\"},\"thumbnailUrl\":\"https:\/\/www.iconsmallorca.com\/wp-content\/uploads\/2024\/09\/2024-08-13-16_42_20-Luxusyacht-Rossinavi-50m-22LEL22-im-westlichen-Mittelmeer-chartern-_-Pure-Yachting.png\",\"articleSection\":[\"News\"],\"inLanguage\":\"de\"},{\"@type\":\"WebPage\",\"@id\":\"https:\/\/www.iconsmallorca.com\/de\/news\/yachting-waehrend-der-icons-mallorca-2024\/\",\"url\":\"https:\/\/www.iconsmallorca.com\/de\/news\/yachting-waehrend-der-icons-mallorca-2024\/\",\"name\":\"Yachting w\u00e4hrend der ICONS Mallorca 2024 - ICONS Mallorca\",\"isPartOf\":{\"@id\":\"https:\/\/www.iconsmallorca.com\/de\/#website\"},\"primaryImageOfPage\":{\"@id\":\"https:\/\/www.iconsmallorca.com\/de\/news\/yachting-waehrend-der-icons-mallorca-2024\/#primaryimage\"},\"image\":{\"@id\":\"https:\/\/www.iconsmallorca.com\/de\/news\/yachting-waehrend-der-icons-mallorca-2024\/#primaryimage\"},\"thumbnailUrl\":\"https:\/\/www.iconsmallorca.com\/wp-content\/uploads\/2024\/09\/2024-08-13-16_42_20-Luxusyacht-Rossinavi-50m-22LEL22-im-westlichen-Mittelmeer-chartern-_-Pure-Yachting.png\",\"datePublished\":\"2024-09-23T09:25:13+00:00\",\"dateModified\":\"2024-09-23T09:27:22+00:00\",\"inLanguage\":\"de\",\"potentialAction\":[{\"@type\":\"ReadAction\",\"target\":[\"https:\/\/www.iconsmallorca.com\/de\/news\/yachting-waehrend-der-icons-mallorca-2024\/\"]}]},{\"@type\":\"ImageObject\",\"inLanguage\":\"de\",\"@id\":\"https:\/\/www.iconsmallorca.com\/de\/news\/yachting-waehrend-der-icons-mallorca-2024\/#primaryimage\",\"url\":\"https:\/\/www.iconsmallorca.com\/wp-content\/uploads\/2024\/09\/2024-08-13-16_42_20-Luxusyacht-Rossinavi-50m-22LEL22-im-westlichen-Mittelmeer-chartern-_-Pure-Yachting.png\",\"contentUrl\":\"https:\/\/www.iconsmallorca.com\/wp-content\/uploads\/2024\/09\/2024-08-13-16_42_20-Luxusyacht-Rossinavi-50m-22LEL22-im-westlichen-Mittelmeer-chartern-_-Pure-Yachting.png\",\"width\":962,\"height\":646},{\"@type\":\"WebSite\",\"@id\":\"https:\/\/www.iconsmallorca.com\/de\/#website\",\"url\":\"https:\/\/www.iconsmallorca.com\/de\/\",\"name\":\"ICONS Mallorca\",\"description\":\"Mobility Week for Good\",\"publisher\":{\"@id\":\"https:\/\/www.iconsmallorca.com\/de\/#organization\"},\"potentialAction\":[{\"@type\":\"SearchAction\",\"target\":{\"@type\":\"EntryPoint\",\"urlTemplate\":\"https:\/\/www.iconsmallorca.com\/de\/?s={search_term_string}\"},\"query-input\":{\"@type\":\"PropertyValueSpecification\",\"valueRequired\":true,\"valueName\":\"search_term_string\"}}],\"inLanguage\":\"de\"},{\"@type\":\"Organization\",\"@id\":\"https:\/\/www.iconsmallorca.com\/de\/#organization\",\"name\":\"ICONS Mallorca\",\"url\":\"https:\/\/www.iconsmallorca.com\/de\/\",\"logo\":{\"@type\":\"ImageObject\",\"inLanguage\":\"de\",\"@id\":\"https:\/\/www.iconsmallorca.com\/de\/#\/schema\/logo\/image\/\",\"url\":\"https:\/\/www.iconsmallorca.com\/wp-content\/uploads\/2024\/01\/home-logo-lightmode.png\",\"contentUrl\":\"https:\/\/www.iconsmallorca.com\/wp-content\/uploads\/2024\/01\/home-logo-lightmode.png\",\"width\":836,\"height\":599,\"caption\":\"ICONS Mallorca\"},\"image\":{\"@id\":\"https:\/\/www.iconsmallorca.com\/de\/#\/schema\/logo\/image\/\"},\"sameAs\":[\"https:\/\/www.facebook.com\/people\/ICONS-Mallorca\/61556210574876\/\",\"https:\/\/www.instagram.com\/icons.mallorca\/\",\"https:\/\/www.youtube.com\/@iconsmallorca\"]},{\"@type\":\"Person\",\"@id\":\"https:\/\/www.iconsmallorca.com\/de\/#\/schema\/person\/a5ceb4c9330524efa3d3db8566c825c3\",\"name\":\"iconsadmin\",\"sameAs\":[\"http:\/\/dev.iconsmallorca.com\"],\"url\":false}]}<\/script>\n<!-- \/ Yoast SEO plugin. -->","yoast_head_json":{"title":"Yachting w\u00e4hrend der ICONS Mallorca 2024 - ICONS Mallorca","robots":{"index":"index","follow":"follow","max-snippet":"max-snippet:-1","max-image-preview":"max-image-preview:large","max-video-preview":"max-video-preview:-1"},"canonical":"https:\/\/www.iconsmallorca.com\/de\/news\/yachting-waehrend-der-icons-mallorca-2024\/","og_locale":"de_DE","og_type":"article","og_title":"Yachting w\u00e4hrend der ICONS Mallorca 2024 - ICONS Mallorca","og_description":"Luxus, Freiheit und Privatsph\u00e4re mit Ocean Independence. Sie suchen das exklusivste Hotel in Palma w\u00e4hrend der ICONS Mallorca? Sie werden es nicht an Land finden.","og_url":"https:\/\/www.iconsmallorca.com\/de\/news\/yachting-waehrend-der-icons-mallorca-2024\/","og_site_name":"ICONS Mallorca","article_publisher":"https:\/\/www.facebook.com\/people\/ICONS-Mallorca\/61556210574876\/","article_published_time":"2024-09-23T09:25:13+00:00","article_modified_time":"2024-09-23T09:27:22+00:00","og_image":[{"width":962,"height":646,"url":"https:\/\/www.iconsmallorca.com\/wp-content\/uploads\/2024\/09\/2024-08-13-16_42_20-Luxusyacht-Rossinavi-50m-22LEL22-im-westlichen-Mittelmeer-chartern-_-Pure-Yachting.png","type":"image\/png"}],"author":"iconsadmin","twitter_card":"summary_large_image","twitter_misc":{"Verfasst von":"iconsadmin","Gesch\u00e4tzte Lesezeit":"3\u00a0Minuten"},"schema":{"@context":"https:\/\/schema.org","@graph":[{"@type":"Article","@id":"https:\/\/www.iconsmallorca.com\/de\/news\/yachting-waehrend-der-icons-mallorca-2024\/#article","isPartOf":{"@id":"https:\/\/www.iconsmallorca.com\/de\/news\/yachting-waehrend-der-icons-mallorca-2024\/"},"author":{"name":"iconsadmin","@id":"https:\/\/www.iconsmallorca.com\/de\/#\/schema\/person\/a5ceb4c9330524efa3d3db8566c825c3"},"headline":"Yachting w\u00e4hrend der ICONS Mallorca 2024","datePublished":"2024-09-23T09:25:13+00:00","dateModified":"2024-09-23T09:27:22+00:00","mainEntityOfPage":{"@id":"https:\/\/www.iconsmallorca.com\/de\/news\/yachting-waehrend-der-icons-mallorca-2024\/"},"wordCount":602,"publisher":{"@id":"https:\/\/www.iconsmallorca.com\/de\/#organization"},"image":{"@id":"https:\/\/www.iconsmallorca.com\/de\/news\/yachting-waehrend-der-icons-mallorca-2024\/#primaryimage"},"thumbnailUrl":"https:\/\/www.iconsmallorca.com\/wp-content\/uploads\/2024\/09\/2024-08-13-16_42_20-Luxusyacht-Rossinavi-50m-22LEL22-im-westlichen-Mittelmeer-chartern-_-Pure-Yachting.png","articleSection":["News"],"inLanguage":"de"},{"@type":"WebPage","@id":"https:\/\/www.iconsmallorca.com\/de\/news\/yachting-waehrend-der-icons-mallorca-2024\/","url":"https:\/\/www.iconsmallorca.com\/de\/news\/yachting-waehrend-der-icons-mallorca-2024\/","name":"Yachting w\u00e4hrend der ICONS Mallorca 2024 - ICONS Mallorca","isPartOf":{"@id":"https:\/\/www.iconsmallorca.com\/de\/#website"},"primaryImageOfPage":{"@id":"https:\/\/www.iconsmallorca.com\/de\/news\/yachting-waehrend-der-icons-mallorca-2024\/#primaryimage"},"image":{"@id":"https:\/\/www.iconsmallorca.com\/de\/news\/yachting-waehrend-der-icons-mallorca-2024\/#primaryimage"},"thumbnailUrl":"https:\/\/www.iconsmallorca.com\/wp-content\/uploads\/2024\/09\/2024-08-13-16_42_20-Luxusyacht-Rossinavi-50m-22LEL22-im-westlichen-Mittelmeer-chartern-_-Pure-Yachting.png","datePublished":"2024-09-23T09:25:13+00:00","dateModified":"2024-09-23T09:27:22+00:00","inLanguage":"de","potentialAction":[{"@type":"ReadAction","target":["https:\/\/www.iconsmallorca.com\/de\/news\/yachting-waehrend-der-icons-mallorca-2024\/"]}]},{"@type":"ImageObject","inLanguage":"de","@id":"https:\/\/www.iconsmallorca.com\/de\/news\/yachting-waehrend-der-icons-mallorca-2024\/#primaryimage","url":"https:\/\/www.iconsmallorca.com\/wp-content\/uploads\/2024\/09\/2024-08-13-16_42_20-Luxusyacht-Rossinavi-50m-22LEL22-im-westlichen-Mittelmeer-chartern-_-Pure-Yachting.png","contentUrl":"https:\/\/www.iconsmallorca.com\/wp-content\/uploads\/2024\/09\/2024-08-13-16_42_20-Luxusyacht-Rossinavi-50m-22LEL22-im-westlichen-Mittelmeer-chartern-_-Pure-Yachting.png","width":962,"height":646},{"@type":"WebSite","@id":"https:\/\/www.iconsmallorca.com\/de\/#website","url":"https:\/\/www.iconsmallorca.com\/de\/","name":"ICONS Mallorca","description":"Mobility Week for Good","publisher":{"@id":"https:\/\/www.iconsmallorca.com\/de\/#organization"},"potentialAction":[{"@type":"SearchAction","target":{"@type":"EntryPoint","urlTemplate":"https:\/\/www.iconsmallorca.com\/de\/?s={search_term_string}"},"query-input":{"@type":"PropertyValueSpecification","valueRequired":true,"valueName":"search_term_string"}}],"inLanguage":"de"},{"@type":"Organization","@id":"https:\/\/www.iconsmallorca.com\/de\/#organization","name":"ICONS Mallorca","url":"https:\/\/www.iconsmallorca.com\/de\/","logo":{"@type":"ImageObject","inLanguage":"de","@id":"https:\/\/www.iconsmallorca.com\/de\/#\/schema\/logo\/image\/","url":"https:\/\/www.iconsmallorca.com\/wp-content\/uploads\/2024\/01\/home-logo-lightmode.png","contentUrl":"https:\/\/www.iconsmallorca.com\/wp-content\/uploads\/2024\/01\/home-logo-lightmode.png","width":836,"height":599,"caption":"ICONS Mallorca"},"image":{"@id":"https:\/\/www.iconsmallorca.com\/de\/#\/schema\/logo\/image\/"},"sameAs":["https:\/\/www.facebook.com\/people\/ICONS-Mallorca\/61556210574876\/","https:\/\/www.instagram.com\/icons.mallorca\/","https:\/\/www.youtube.com\/@iconsmallorca"]},{"@type":"Person","@id":"https:\/\/www.iconsmallorca.com\/de\/#\/schema\/person\/a5ceb4c9330524efa3d3db8566c825c3","name":"iconsadmin","sameAs":["http:\/\/dev.iconsmallorca.com"],"url":false}]}},"_links":{"self":[{"href":"https:\/\/www.iconsmallorca.com\/de\/wp-json\/wp\/v2\/posts\/4573","targetHints":{"allow":["GET"]}}],"collection":[{"href":"https:\/\/www.iconsmallorca.com\/de\/wp-json\/wp\/v2\/posts"}],"about":[{"href":"https:\/\/www.iconsmallorca.com\/de\/wp-json\/wp\/v2\/types\/post"}],"author":[{"embeddable":true,"href":"https:\/\/www.iconsmallorca.com\/de\/wp-json\/wp\/v2\/users\/1"}],"replies":[{"embeddable":true,"href":"https:\/\/www.iconsmallorca.com\/de\/wp-json\/wp\/v2\/comments?post=4573"}],"version-history":[{"count":2,"href":"https:\/\/www.iconsmallorca.com\/de\/wp-json\/wp\/v2\/posts\/4573\/revisions"}],"predecessor-version":[{"id":4575,"href":"https:\/\/www.iconsmallorca.com\/de\/wp-json\/wp\/v2\/posts\/4573\/revisions\/4575"}],"wp:featuredmedia":[{"embeddable":true,"href":"https:\/\/www.iconsmallorca.com\/de\/wp-json\/wp\/v2\/media\/4554"}],"wp:attachment":[{"href":"https:\/\/www.iconsmallorca.com\/de\/wp-json\/wp\/v2\/media?parent=4573"}],"wp:term":[{"taxonomy":"category","embeddable":true,"href":"https:\/\/www.iconsmallorca.com\/de\/wp-json\/wp\/v2\/categories?post=4573"},{"taxonomy":"post_tag","embeddable":true,"href":"https:\/\/www.iconsmallorca.com\/de\/wp-json\/wp\/v2\/tags?post=4573"}],"curies":[{"name":"wp","href":"https:\/\/api.w.org\/{rel}","templated":true}]}}