{"id":4308,"date":"2024-09-07T15:23:12","date_gmt":"2024-09-07T13:23:12","guid":{"rendered":"https:\/\/www.iconsmallorca.com\/news\/concours-highlight-isotta-fraschini-tipo-a8-1928-castagna\/"},"modified":"2024-09-07T17:03:53","modified_gmt":"2024-09-07T15:03:53","slug":"concours-highlight-isotta-fraschini-tipo-a8-1928-castagna","status":"publish","type":"post","link":"https:\/\/www.iconsmallorca.com\/de\/news\/concours-highlight-isotta-fraschini-tipo-a8-1928-castagna\/","title":{"rendered":"Concours Highlight: Isotta Fraschini (Tipo A8) 1928 Castagna"},"content":{"rendered":"<div class=\"wpb-content-wrapper\"><p>[vc_row row_height_percent=&#8220;0&#8243; override_padding=&#8220;yes&#8220; h_padding=&#8220;0&#8243; top_padding=&#8220;0&#8243; bottom_padding=&#8220;0&#8243; overlay_alpha=&#8220;50&#8243; gutter_size=&#8220;3&#8243; column_width_percent=&#8220;100&#8243; shift_y=&#8220;0&#8243; z_index=&#8220;0&#8243; uncode_shortcode_id=&#8220;173894&#8243; css=&#8220;.vc_custom_1722504199700{padding-bottom: 40px !important;}&#8220;][vc_column column_width_percent=&#8220;100&#8243; gutter_size=&#8220;3&#8243; overlay_alpha=&#8220;50&#8243; shift_x=&#8220;0&#8243; shift_y=&#8220;0&#8243; shift_y_down=&#8220;0&#8243; z_index=&#8220;0&#8243; medium_width=&#8220;0&#8243; mobile_width=&#8220;0&#8243; width=&#8220;2\/3&#8243; uncode_shortcode_id=&#8220;671425&#8243; css=&#8220;.vc_custom_1722355341783{padding-right: 80px !important;}&#8220;][vc_column_text uncode_shortcode_id=&#8220;143047&#8243;]<\/p>\n<p style=\"font-weight: 400;\">Der 1928 bei Castagna in Mailand auf Kundenwunsch mit einer Sonderkarosserie versehene m\u00e4chtige 8-Zylinder der Marke Isotta-Fraschini verstr\u00f6mt opulente Eleganz der Great Gatsby-Zeit und der goldenen Zwanziger Jahre.<\/p>\n<p style=\"font-weight: 400;\">1898 gr\u00fcndeten der Rechtsanwalt Cesare Isotta und der Ingenieur Vincenzo Fraschini ein gemeinsames Unternehmen zum Import und Vertrieb von Motoren und Automobilen in Mailand.<\/p>\n<p style=\"font-weight: 400;\">1900 gr\u00fcndeten sie die Societ\u00e0 Milanese d\u2019Automobili Isotta, Fraschini  C. in derselben Stadt. 1904 erfolgte die Umfirmierung in Fabbrica Automobili Isotta Fraschini. <\/p>\n<p>[\/vc_column_text][\/vc_column][vc_column column_width_percent=&#8220;100&#8243; gutter_size=&#8220;3&#8243; overlay_alpha=&#8220;50&#8243; shift_x=&#8220;0&#8243; shift_y=&#8220;0&#8243; shift_y_down=&#8220;0&#8243; z_index=&#8220;0&#8243; medium_width=&#8220;0&#8243; mobile_width=&#8220;0&#8243; width=&#8220;1\/3&#8243; uncode_shortcode_id=&#8220;204469&#8243; css=&#8220;.vc_custom_1725711703005{padding-top: 30px !important;}&#8220;][vc_single_image media=&#8220;4293&#8243; media_width_percent=&#8220;100&#8243; uncode_shortcode_id=&#8220;110925&#8243;][\/vc_column][\/vc_row][vc_row row_height_percent=&#8220;0&#8243; override_padding=&#8220;yes&#8220; h_padding=&#8220;0&#8243; top_padding=&#8220;0&#8243; bottom_padding=&#8220;0&#8243; overlay_alpha=&#8220;50&#8243; gutter_size=&#8220;3&#8243; column_width_percent=&#8220;100&#8243; shift_y=&#8220;0&#8243; z_index=&#8220;0&#8243; uncode_shortcode_id=&#8220;173894&#8243; css=&#8220;.vc_custom_1722504199700{padding-bottom: 40px !important;}&#8220;][vc_column column_width_percent=&#8220;100&#8243; gutter_size=&#8220;3&#8243; overlay_alpha=&#8220;50&#8243; shift_x=&#8220;0&#8243; shift_y=&#8220;0&#8243; shift_y_down=&#8220;0&#8243; z_index=&#8220;0&#8243; medium_width=&#8220;0&#8243; mobile_width=&#8220;0&#8243; width=&#8220;1\/3&#8243; uncode_shortcode_id=&#8220;204469&#8243; css=&#8220;.vc_custom_1725711703005{padding-top: 30px !important;}&#8220;][vc_single_image media=&#8220;4296&#8243; media_width_percent=&#8220;100&#8243; media_ratio=&#8220;sixteen-nine&#8220; uncode_shortcode_id=&#8220;108529&#8243;][vc_single_image media=&#8220;4284&#8243; media_width_percent=&#8220;100&#8243; media_ratio=&#8220;sixteen-nine&#8220; uncode_shortcode_id=&#8220;118334&#8243;][\/vc_column][vc_column column_width_percent=&#8220;100&#8243; gutter_size=&#8220;3&#8243; overlay_alpha=&#8220;50&#8243; shift_x=&#8220;0&#8243; shift_y=&#8220;0&#8243; shift_y_down=&#8220;0&#8243; z_index=&#8220;0&#8243; medium_width=&#8220;0&#8243; mobile_width=&#8220;0&#8243; width=&#8220;2\/3&#8243; uncode_shortcode_id=&#8220;159934&#8243; css=&#8220;.vc_custom_1725716156335{padding-left: 80px !important;}&#8220;][vc_column_text uncode_shortcode_id=&#8220;777113&#8243;]<\/p>\n<p style=\"font-weight: 400;\">Mit der Einstellung des Konstrukteurs Giustino Cattaneo begann der Aufschwung. Er war von 1905 bis 1933 f\u00fcr die Fahrzeugentwicklung zust\u00e4ndig. 1906 fertigte das Unternehmen 300 Fahrzeuge, dies bedeutete st\u00fcckzahlm\u00e4\u00dfig den zweiten Platz unter den italienischen Automobilherstellern hinter Fiat. Bis 1914 wurden \u00fcber 50 verschiedene Pkw-Typen angeboten \u2013 im ersten Weltkrieg begann man auch Flugmotoren zu fertigen. 1919 erfolgte der \u00dcbergang zu einer Ein-Modell-Politik im Pkw-Bau bis zur Weltwirtschaftskrise. Der Flugmotorenbau war ab dieser Zeit lukrativer als der Pkw-Bau, der sogar 1935 vor\u00fcbergehend eingestellt wurde.     <\/p>\n<p> Castagna in Mailand stellte als Sonderanfertigung den Aufbau im klassischen Coachbuilding her. Alle Ausstattungsdetails waren auf Kundenwunsch Einzelanfertigungen. H\u00f6chste Manufakturarbeit, die auch heute noch extrem faszinierend ist.[\/vc_column_text][\/vc_column][\/vc_row][vc_row row_height_percent=&#8220;0&#8243; override_padding=&#8220;yes&#8220; h_padding=&#8220;0&#8243; top_padding=&#8220;0&#8243; bottom_padding=&#8220;0&#8243; overlay_alpha=&#8220;50&#8243; gutter_size=&#8220;3&#8243; column_width_percent=&#8220;100&#8243; shift_y=&#8220;0&#8243; z_index=&#8220;0&#8243; uncode_shortcode_id=&#8220;173894&#8243; css=&#8220;.vc_custom_1722504199700{padding-bottom: 40px !important;}&#8220;][vc_column column_width_percent=&#8220;100&#8243; gutter_size=&#8220;3&#8243; overlay_alpha=&#8220;50&#8243; shift_x=&#8220;0&#8243; shift_y=&#8220;0&#8243; shift_y_down=&#8220;0&#8243; z_index=&#8220;0&#8243; medium_width=&#8220;0&#8243; mobile_width=&#8220;0&#8243; width=&#8220;2\/3&#8243; uncode_shortcode_id=&#8220;671425&#8243; css=&#8220;.vc_custom_1722355341783{padding-right: 80px !important;}&#8220;][vc_column_text uncode_shortcode_id=&#8220;327380&#8243;]<\/p>\n<p style=\"font-weight: 400;\">Der Isotta-Fraschini in \u201eThe Grand\u201c bei den ICONS hat noch eine gro\u00dfe Besonderheit in seinem \u201eLebenslauf\u201c \u2013 im James Bond 007 \u201eMoonraker\u201c aus dem Jahr 1979 mit Roger Moore ist er der Wagen des Bond-B\u00f6sewichtes Sir Hugo Drax (gespielt von Michael Lonsdale). \u201e1 Drax\u201c kommt in die ICONS 2024 und ist auch am Public Day in Port Andratx ein Publikumsmagnet. Sozusagen: 1-Drax in Andratx.  <\/p>\n<p style=\"font-weight: 400;\">ICONS Mallorca freut sich auf dieses besondere Fahrzeug. Es ist eines von 36 ausgesuchten Concours-Fahrzeugen im Concours \u201cThe Grand\u201d. <\/p>\n<p>[\/vc_column_text][\/vc_column][vc_column column_width_percent=&#8220;100&#8243; gutter_size=&#8220;3&#8243; overlay_alpha=&#8220;50&#8243; shift_x=&#8220;0&#8243; shift_y=&#8220;0&#8243; shift_y_down=&#8220;0&#8243; z_index=&#8220;0&#8243; medium_width=&#8220;0&#8243; mobile_width=&#8220;0&#8243; width=&#8220;1\/3&#8243; uncode_shortcode_id=&#8220;204469&#8243; css=&#8220;.vc_custom_1725711703005{padding-top: 30px !important;}&#8220;][vc_single_image media=&#8220;4280&#8243; media_width_percent=&#8220;100&#8243; uncode_shortcode_id=&#8220;186215&#8243;][\/vc_column][\/vc_row]<\/p>\n<\/div>","protected":false},"excerpt":{"rendered":"<p>In der Klasse: \u201ePure Grace Style\u201c \u2013 Pre War Luxury Cars zeigen die ICONS ein wahrhaft ikonenhaftes Automobil. Einmalig auf der Welt in dieser Farbkombination und seiner ungew\u00f6hnlichen Geschichte. <\/p>\n","protected":false},"author":1,"featured_media":4273,"comment_status":"closed","ping_status":"closed","sticky":false,"template":"","format":"standard","meta":{"footnotes":""},"categories":[20],"tags":[],"class_list":["post-4308","post","type-post","status-publish","format-standard","has-post-thumbnail","hentry","category-news"],"yoast_head":"<!-- This site is optimized with the Yoast SEO plugin v27.1.1 - https:\/\/yoast.com\/product\/yoast-seo-wordpress\/ -->\n<title>Concours Highlight: Isotta Fraschini (Tipo A8) 1928 Castagna - ICONS Mallorca<\/title>\n<meta name=\"robots\" content=\"index, follow, max-snippet:-1, max-image-preview:large, max-video-preview:-1\" \/>\n<link rel=\"canonical\" href=\"https:\/\/www.iconsmallorca.com\/de\/news\/concours-highlight-isotta-fraschini-tipo-a8-1928-castagna\/\" \/>\n<meta property=\"og:locale\" content=\"de_DE\" \/>\n<meta property=\"og:type\" content=\"article\" \/>\n<meta property=\"og:title\" content=\"Concours Highlight: Isotta Fraschini (Tipo A8) 1928 Castagna - ICONS Mallorca\" \/>\n<meta property=\"og:description\" content=\"In der Klasse: \u201ePure Grace Style\u201c \u2013 Pre War Luxury Cars zeigen die ICONS ein wahrhaft ikonenhaftes Automobil. Einmalig auf der Welt in dieser Farbkombination und seiner ungew\u00f6hnlichen Geschichte.\" \/>\n<meta property=\"og:url\" content=\"https:\/\/www.iconsmallorca.com\/de\/news\/concours-highlight-isotta-fraschini-tipo-a8-1928-castagna\/\" \/>\n<meta property=\"og:site_name\" content=\"ICONS Mallorca\" \/>\n<meta property=\"article:publisher\" content=\"https:\/\/www.facebook.com\/people\/ICONS-Mallorca\/61556210574876\/\" \/>\n<meta property=\"article:published_time\" content=\"2024-09-07T13:23:12+00:00\" \/>\n<meta property=\"article:modified_time\" content=\"2024-09-07T15:03:53+00:00\" \/>\n<meta property=\"og:image\" content=\"https:\/\/www.iconsmallorca.com\/wp-content\/uploads\/2024\/09\/Isotta-Fraschini-Tipo-8A.jpg\" \/>\n\t<meta property=\"og:image:width\" content=\"949\" \/>\n\t<meta property=\"og:image:height\" content=\"698\" \/>\n\t<meta property=\"og:image:type\" content=\"image\/jpeg\" \/>\n<meta name=\"author\" content=\"iconsadmin\" \/>\n<meta name=\"twitter:card\" content=\"summary_large_image\" \/>\n<meta name=\"twitter:label1\" content=\"Verfasst von\" \/>\n\t<meta name=\"twitter:data1\" content=\"iconsadmin\" \/>\n\t<meta name=\"twitter:label2\" content=\"Gesch\u00e4tzte Lesezeit\" \/>\n\t<meta name=\"twitter:data2\" content=\"3\u00a0Minuten\" \/>\n<script type=\"application\/ld+json\" class=\"yoast-schema-graph\">{\"@context\":\"https:\/\/schema.org\",\"@graph\":[{\"@type\":\"Article\",\"@id\":\"https:\/\/www.iconsmallorca.com\/de\/news\/concours-highlight-isotta-fraschini-tipo-a8-1928-castagna\/#article\",\"isPartOf\":{\"@id\":\"https:\/\/www.iconsmallorca.com\/de\/news\/concours-highlight-isotta-fraschini-tipo-a8-1928-castagna\/\"},\"author\":{\"name\":\"iconsadmin\",\"@id\":\"https:\/\/www.iconsmallorca.com\/de\/#\/schema\/person\/a5ceb4c9330524efa3d3db8566c825c3\"},\"headline\":\"Concours Highlight: Isotta Fraschini (Tipo A8) 1928 Castagna\",\"datePublished\":\"2024-09-07T13:23:12+00:00\",\"dateModified\":\"2024-09-07T15:03:53+00:00\",\"mainEntityOfPage\":{\"@id\":\"https:\/\/www.iconsmallorca.com\/de\/news\/concours-highlight-isotta-fraschini-tipo-a8-1928-castagna\/\"},\"wordCount\":654,\"publisher\":{\"@id\":\"https:\/\/www.iconsmallorca.com\/de\/#organization\"},\"image\":{\"@id\":\"https:\/\/www.iconsmallorca.com\/de\/news\/concours-highlight-isotta-fraschini-tipo-a8-1928-castagna\/#primaryimage\"},\"thumbnailUrl\":\"https:\/\/www.iconsmallorca.com\/wp-content\/uploads\/2024\/09\/Isotta-Fraschini-Tipo-8A.jpg\",\"articleSection\":[\"News\"],\"inLanguage\":\"de\"},{\"@type\":\"WebPage\",\"@id\":\"https:\/\/www.iconsmallorca.com\/de\/news\/concours-highlight-isotta-fraschini-tipo-a8-1928-castagna\/\",\"url\":\"https:\/\/www.iconsmallorca.com\/de\/news\/concours-highlight-isotta-fraschini-tipo-a8-1928-castagna\/\",\"name\":\"Concours Highlight: Isotta Fraschini (Tipo A8) 1928 Castagna - ICONS Mallorca\",\"isPartOf\":{\"@id\":\"https:\/\/www.iconsmallorca.com\/de\/#website\"},\"primaryImageOfPage\":{\"@id\":\"https:\/\/www.iconsmallorca.com\/de\/news\/concours-highlight-isotta-fraschini-tipo-a8-1928-castagna\/#primaryimage\"},\"image\":{\"@id\":\"https:\/\/www.iconsmallorca.com\/de\/news\/concours-highlight-isotta-fraschini-tipo-a8-1928-castagna\/#primaryimage\"},\"thumbnailUrl\":\"https:\/\/www.iconsmallorca.com\/wp-content\/uploads\/2024\/09\/Isotta-Fraschini-Tipo-8A.jpg\",\"datePublished\":\"2024-09-07T13:23:12+00:00\",\"dateModified\":\"2024-09-07T15:03:53+00:00\",\"inLanguage\":\"de\",\"potentialAction\":[{\"@type\":\"ReadAction\",\"target\":[\"https:\/\/www.iconsmallorca.com\/de\/news\/concours-highlight-isotta-fraschini-tipo-a8-1928-castagna\/\"]}]},{\"@type\":\"ImageObject\",\"inLanguage\":\"de\",\"@id\":\"https:\/\/www.iconsmallorca.com\/de\/news\/concours-highlight-isotta-fraschini-tipo-a8-1928-castagna\/#primaryimage\",\"url\":\"https:\/\/www.iconsmallorca.com\/wp-content\/uploads\/2024\/09\/Isotta-Fraschini-Tipo-8A.jpg\",\"contentUrl\":\"https:\/\/www.iconsmallorca.com\/wp-content\/uploads\/2024\/09\/Isotta-Fraschini-Tipo-8A.jpg\",\"width\":949,\"height\":698},{\"@type\":\"WebSite\",\"@id\":\"https:\/\/www.iconsmallorca.com\/de\/#website\",\"url\":\"https:\/\/www.iconsmallorca.com\/de\/\",\"name\":\"ICONS Mallorca\",\"description\":\"Mobility Week for Good\",\"publisher\":{\"@id\":\"https:\/\/www.iconsmallorca.com\/de\/#organization\"},\"potentialAction\":[{\"@type\":\"SearchAction\",\"target\":{\"@type\":\"EntryPoint\",\"urlTemplate\":\"https:\/\/www.iconsmallorca.com\/de\/?s={search_term_string}\"},\"query-input\":{\"@type\":\"PropertyValueSpecification\",\"valueRequired\":true,\"valueName\":\"search_term_string\"}}],\"inLanguage\":\"de\"},{\"@type\":\"Organization\",\"@id\":\"https:\/\/www.iconsmallorca.com\/de\/#organization\",\"name\":\"ICONS Mallorca\",\"url\":\"https:\/\/www.iconsmallorca.com\/de\/\",\"logo\":{\"@type\":\"ImageObject\",\"inLanguage\":\"de\",\"@id\":\"https:\/\/www.iconsmallorca.com\/de\/#\/schema\/logo\/image\/\",\"url\":\"https:\/\/www.iconsmallorca.com\/wp-content\/uploads\/2024\/01\/home-logo-lightmode.png\",\"contentUrl\":\"https:\/\/www.iconsmallorca.com\/wp-content\/uploads\/2024\/01\/home-logo-lightmode.png\",\"width\":836,\"height\":599,\"caption\":\"ICONS Mallorca\"},\"image\":{\"@id\":\"https:\/\/www.iconsmallorca.com\/de\/#\/schema\/logo\/image\/\"},\"sameAs\":[\"https:\/\/www.facebook.com\/people\/ICONS-Mallorca\/61556210574876\/\",\"https:\/\/www.instagram.com\/icons.mallorca\/\",\"https:\/\/www.youtube.com\/@iconsmallorca\"]},{\"@type\":\"Person\",\"@id\":\"https:\/\/www.iconsmallorca.com\/de\/#\/schema\/person\/a5ceb4c9330524efa3d3db8566c825c3\",\"name\":\"iconsadmin\",\"sameAs\":[\"http:\/\/dev.iconsmallorca.com\"],\"url\":false}]}<\/script>\n<!-- \/ Yoast SEO plugin. -->","yoast_head_json":{"title":"Concours Highlight: Isotta Fraschini (Tipo A8) 1928 Castagna - ICONS Mallorca","robots":{"index":"index","follow":"follow","max-snippet":"max-snippet:-1","max-image-preview":"max-image-preview:large","max-video-preview":"max-video-preview:-1"},"canonical":"https:\/\/www.iconsmallorca.com\/de\/news\/concours-highlight-isotta-fraschini-tipo-a8-1928-castagna\/","og_locale":"de_DE","og_type":"article","og_title":"Concours Highlight: Isotta Fraschini (Tipo A8) 1928 Castagna - ICONS Mallorca","og_description":"In der Klasse: \u201ePure Grace Style\u201c \u2013 Pre War Luxury Cars zeigen die ICONS ein wahrhaft ikonenhaftes Automobil. Einmalig auf der Welt in dieser Farbkombination und seiner ungew\u00f6hnlichen Geschichte.","og_url":"https:\/\/www.iconsmallorca.com\/de\/news\/concours-highlight-isotta-fraschini-tipo-a8-1928-castagna\/","og_site_name":"ICONS Mallorca","article_publisher":"https:\/\/www.facebook.com\/people\/ICONS-Mallorca\/61556210574876\/","article_published_time":"2024-09-07T13:23:12+00:00","article_modified_time":"2024-09-07T15:03:53+00:00","og_image":[{"width":949,"height":698,"url":"https:\/\/www.iconsmallorca.com\/wp-content\/uploads\/2024\/09\/Isotta-Fraschini-Tipo-8A.jpg","type":"image\/jpeg"}],"author":"iconsadmin","twitter_card":"summary_large_image","twitter_misc":{"Verfasst von":"iconsadmin","Gesch\u00e4tzte Lesezeit":"3\u00a0Minuten"},"schema":{"@context":"https:\/\/schema.org","@graph":[{"@type":"Article","@id":"https:\/\/www.iconsmallorca.com\/de\/news\/concours-highlight-isotta-fraschini-tipo-a8-1928-castagna\/#article","isPartOf":{"@id":"https:\/\/www.iconsmallorca.com\/de\/news\/concours-highlight-isotta-fraschini-tipo-a8-1928-castagna\/"},"author":{"name":"iconsadmin","@id":"https:\/\/www.iconsmallorca.com\/de\/#\/schema\/person\/a5ceb4c9330524efa3d3db8566c825c3"},"headline":"Concours Highlight: Isotta Fraschini (Tipo A8) 1928 Castagna","datePublished":"2024-09-07T13:23:12+00:00","dateModified":"2024-09-07T15:03:53+00:00","mainEntityOfPage":{"@id":"https:\/\/www.iconsmallorca.com\/de\/news\/concours-highlight-isotta-fraschini-tipo-a8-1928-castagna\/"},"wordCount":654,"publisher":{"@id":"https:\/\/www.iconsmallorca.com\/de\/#organization"},"image":{"@id":"https:\/\/www.iconsmallorca.com\/de\/news\/concours-highlight-isotta-fraschini-tipo-a8-1928-castagna\/#primaryimage"},"thumbnailUrl":"https:\/\/www.iconsmallorca.com\/wp-content\/uploads\/2024\/09\/Isotta-Fraschini-Tipo-8A.jpg","articleSection":["News"],"inLanguage":"de"},{"@type":"WebPage","@id":"https:\/\/www.iconsmallorca.com\/de\/news\/concours-highlight-isotta-fraschini-tipo-a8-1928-castagna\/","url":"https:\/\/www.iconsmallorca.com\/de\/news\/concours-highlight-isotta-fraschini-tipo-a8-1928-castagna\/","name":"Concours Highlight: Isotta Fraschini (Tipo A8) 1928 Castagna - ICONS Mallorca","isPartOf":{"@id":"https:\/\/www.iconsmallorca.com\/de\/#website"},"primaryImageOfPage":{"@id":"https:\/\/www.iconsmallorca.com\/de\/news\/concours-highlight-isotta-fraschini-tipo-a8-1928-castagna\/#primaryimage"},"image":{"@id":"https:\/\/www.iconsmallorca.com\/de\/news\/concours-highlight-isotta-fraschini-tipo-a8-1928-castagna\/#primaryimage"},"thumbnailUrl":"https:\/\/www.iconsmallorca.com\/wp-content\/uploads\/2024\/09\/Isotta-Fraschini-Tipo-8A.jpg","datePublished":"2024-09-07T13:23:12+00:00","dateModified":"2024-09-07T15:03:53+00:00","inLanguage":"de","potentialAction":[{"@type":"ReadAction","target":["https:\/\/www.iconsmallorca.com\/de\/news\/concours-highlight-isotta-fraschini-tipo-a8-1928-castagna\/"]}]},{"@type":"ImageObject","inLanguage":"de","@id":"https:\/\/www.iconsmallorca.com\/de\/news\/concours-highlight-isotta-fraschini-tipo-a8-1928-castagna\/#primaryimage","url":"https:\/\/www.iconsmallorca.com\/wp-content\/uploads\/2024\/09\/Isotta-Fraschini-Tipo-8A.jpg","contentUrl":"https:\/\/www.iconsmallorca.com\/wp-content\/uploads\/2024\/09\/Isotta-Fraschini-Tipo-8A.jpg","width":949,"height":698},{"@type":"WebSite","@id":"https:\/\/www.iconsmallorca.com\/de\/#website","url":"https:\/\/www.iconsmallorca.com\/de\/","name":"ICONS Mallorca","description":"Mobility Week for Good","publisher":{"@id":"https:\/\/www.iconsmallorca.com\/de\/#organization"},"potentialAction":[{"@type":"SearchAction","target":{"@type":"EntryPoint","urlTemplate":"https:\/\/www.iconsmallorca.com\/de\/?s={search_term_string}"},"query-input":{"@type":"PropertyValueSpecification","valueRequired":true,"valueName":"search_term_string"}}],"inLanguage":"de"},{"@type":"Organization","@id":"https:\/\/www.iconsmallorca.com\/de\/#organization","name":"ICONS Mallorca","url":"https:\/\/www.iconsmallorca.com\/de\/","logo":{"@type":"ImageObject","inLanguage":"de","@id":"https:\/\/www.iconsmallorca.com\/de\/#\/schema\/logo\/image\/","url":"https:\/\/www.iconsmallorca.com\/wp-content\/uploads\/2024\/01\/home-logo-lightmode.png","contentUrl":"https:\/\/www.iconsmallorca.com\/wp-content\/uploads\/2024\/01\/home-logo-lightmode.png","width":836,"height":599,"caption":"ICONS Mallorca"},"image":{"@id":"https:\/\/www.iconsmallorca.com\/de\/#\/schema\/logo\/image\/"},"sameAs":["https:\/\/www.facebook.com\/people\/ICONS-Mallorca\/61556210574876\/","https:\/\/www.instagram.com\/icons.mallorca\/","https:\/\/www.youtube.com\/@iconsmallorca"]},{"@type":"Person","@id":"https:\/\/www.iconsmallorca.com\/de\/#\/schema\/person\/a5ceb4c9330524efa3d3db8566c825c3","name":"iconsadmin","sameAs":["http:\/\/dev.iconsmallorca.com"],"url":false}]}},"_links":{"self":[{"href":"https:\/\/www.iconsmallorca.com\/de\/wp-json\/wp\/v2\/posts\/4308","targetHints":{"allow":["GET"]}}],"collection":[{"href":"https:\/\/www.iconsmallorca.com\/de\/wp-json\/wp\/v2\/posts"}],"about":[{"href":"https:\/\/www.iconsmallorca.com\/de\/wp-json\/wp\/v2\/types\/post"}],"author":[{"embeddable":true,"href":"https:\/\/www.iconsmallorca.com\/de\/wp-json\/wp\/v2\/users\/1"}],"replies":[{"embeddable":true,"href":"https:\/\/www.iconsmallorca.com\/de\/wp-json\/wp\/v2\/comments?post=4308"}],"version-history":[{"count":5,"href":"https:\/\/www.iconsmallorca.com\/de\/wp-json\/wp\/v2\/posts\/4308\/revisions"}],"predecessor-version":[{"id":4394,"href":"https:\/\/www.iconsmallorca.com\/de\/wp-json\/wp\/v2\/posts\/4308\/revisions\/4394"}],"wp:featuredmedia":[{"embeddable":true,"href":"https:\/\/www.iconsmallorca.com\/de\/wp-json\/wp\/v2\/media\/4273"}],"wp:attachment":[{"href":"https:\/\/www.iconsmallorca.com\/de\/wp-json\/wp\/v2\/media?parent=4308"}],"wp:term":[{"taxonomy":"category","embeddable":true,"href":"https:\/\/www.iconsmallorca.com\/de\/wp-json\/wp\/v2\/categories?post=4308"},{"taxonomy":"post_tag","embeddable":true,"href":"https:\/\/www.iconsmallorca.com\/de\/wp-json\/wp\/v2\/tags?post=4308"}],"curies":[{"name":"wp","href":"https:\/\/api.w.org\/{rel}","templated":true}]}}