{"id":4103,"date":"2024-08-30T16:11:42","date_gmt":"2024-08-30T14:11:42","guid":{"rendered":"https:\/\/www.iconsmallorca.com\/news\/mallorca-country-club-your-place-to-be\/"},"modified":"2024-08-30T16:57:07","modified_gmt":"2024-08-30T14:57:07","slug":"mallorca-country-club-your-place-to-be","status":"publish","type":"post","link":"https:\/\/www.iconsmallorca.com\/de\/news\/mallorca-country-club-your-place-to-be\/","title":{"rendered":"Mallorca Country Club \u2013 Your place to be"},"content":{"rendered":"<div class=\"wpb-content-wrapper\"><p>[vc_row row_height_percent=&#8220;0&#8243; override_padding=&#8220;yes&#8220; h_padding=&#8220;0&#8243; top_padding=&#8220;0&#8243; bottom_padding=&#8220;0&#8243; overlay_alpha=&#8220;50&#8243; gutter_size=&#8220;3&#8243; column_width_percent=&#8220;100&#8243; shift_y=&#8220;0&#8243; z_index=&#8220;0&#8243; uncode_shortcode_id=&#8220;173894&#8243; css=&#8220;.vc_custom_1722504199700{padding-bottom: 40px !important;}&#8220;][vc_column column_width_percent=&#8220;100&#8243; gutter_size=&#8220;3&#8243; overlay_alpha=&#8220;50&#8243; shift_x=&#8220;0&#8243; shift_y=&#8220;0&#8243; shift_y_down=&#8220;0&#8243; z_index=&#8220;0&#8243; medium_width=&#8220;0&#8243; mobile_width=&#8220;0&#8243; width=&#8220;2\/3&#8243; uncode_shortcode_id=&#8220;671425&#8243; css=&#8220;.vc_custom_1722355341783{padding-right: 80px !important;}&#8220;][vc_column_text uncode_shortcode_id=&#8220;132749&#8243;]<\/p>\n<div>\n<p><span lang=\"EN-US\">Es ist ein \u201eplace to be\u201c und wir wollen ihen allen Freunden und Fans der ICONS Mallorca und den Teilnehmern f\u00fcr einen Besuch unbedingt ans Herz legen.<\/span><\/p>\n<\/div>\n<div>\n<p><span lang=\"EN-US\">Links klingeln die Gl\u00f6ckchen der vorbeitrabenden Schafe, rechts klirren die Eisw\u00fcrfel in den Cocktailgl\u00e4sern, die auf der Terrasse serviert werden: Der Mallorca Country Club vereint auf einzigartige Weise die Ruhe der idyllischen Umgebung mit dem Luxus seines sportlichen Angebots.<\/span><\/p>\n<\/div>\n<p>[\/vc_column_text][\/vc_column][vc_column column_width_percent=&#8220;100&#8243; gutter_size=&#8220;3&#8243; overlay_alpha=&#8220;50&#8243; shift_x=&#8220;0&#8243; shift_y=&#8220;0&#8243; shift_y_down=&#8220;0&#8243; z_index=&#8220;0&#8243; medium_width=&#8220;0&#8243; mobile_width=&#8220;0&#8243; width=&#8220;1\/3&#8243; uncode_shortcode_id=&#8220;157523&#8243; css=&#8220;.vc_custom_1722355442763{padding-top: 30px !important;}&#8220;][vc_single_image media=&#8220;4096&#8243; media_width_percent=&#8220;100&#8243; uncode_shortcode_id=&#8220;775124&#8243;][\/vc_column][\/vc_row][vc_row row_height_percent=&#8220;0&#8243; override_padding=&#8220;yes&#8220; h_padding=&#8220;0&#8243; top_padding=&#8220;0&#8243; bottom_padding=&#8220;0&#8243; overlay_alpha=&#8220;50&#8243; gutter_size=&#8220;3&#8243; column_width_percent=&#8220;100&#8243; shift_y=&#8220;0&#8243; z_index=&#8220;0&#8243; uncode_shortcode_id=&#8220;927952&#8243; css=&#8220;.vc_custom_1722504207182{padding-bottom: 40px !important;}&#8220;][vc_column column_width_percent=&#8220;100&#8243; gutter_size=&#8220;3&#8243; overlay_alpha=&#8220;50&#8243; shift_x=&#8220;0&#8243; shift_y=&#8220;0&#8243; shift_y_down=&#8220;0&#8243; z_index=&#8220;0&#8243; medium_width=&#8220;0&#8243; mobile_width=&#8220;0&#8243; width=&#8220;1\/3&#8243; uncode_shortcode_id=&#8220;153421&#8243; css=&#8220;.vc_custom_1722500269392{padding-top: 30px !important;}&#8220;][vc_single_image media=&#8220;4077&#8243; media_width_percent=&#8220;100&#8243; uncode_shortcode_id=&#8220;505361&#8243;][vc_single_image media=&#8220;4080&#8243; media_width_percent=&#8220;100&#8243; uncode_shortcode_id=&#8220;583892&#8243;][\/vc_column][vc_column column_width_percent=&#8220;100&#8243; gutter_size=&#8220;3&#8243; overlay_alpha=&#8220;50&#8243; shift_x=&#8220;0&#8243; shift_y=&#8220;0&#8243; shift_y_down=&#8220;0&#8243; z_index=&#8220;0&#8243; medium_width=&#8220;0&#8243; mobile_width=&#8220;0&#8243; width=&#8220;2\/3&#8243; uncode_shortcode_id=&#8220;122411&#8243; css=&#8220;.vc_custom_1722504246359{padding-right: 80px !important;padding-left: 80px !important;}&#8220;][vc_column_text uncode_shortcode_id=&#8220;994716&#8243;]<\/p>\n<div>\n<p><span lang=\"EN-US\">Doch es ist nicht nur diese Mischung, die den Mallorca Country Club besonders macht. Im idyllischen Hinterland von Santa Pon\u00e7a gelegen und mit Blick auf die majest\u00e4tischen Berge von Galatz\u00f3, verbindet dieser Ort Tradition und Moderne in Perfektion. <\/span><\/p>\n<p><span lang=\"EN-US\">Der Club, der in Zusammenarbeit mit Wimbledon gegr\u00fcndet wurde, ist der Einzige in Spanien, der \u00fcber Tennispl\u00e4tze mit drei verschiedenen Bel\u00e4gen (Rasen, Sand und Hartplatz) verf\u00fcgt. Seine sechs Rasenpl\u00e4tze mit Original-Wimbledonrasen sind ein exklusives Merkmal, das ihn von jedem anderen Club auf der Insel unterscheidet. Neben f\u00fcnf Sand- und einem Hartplatz runden drei Padelpl\u00e4tze und ein eigener Platz f\u00fcr die neue Trend-Sport Pickleball das erstklassige sportliche Angebot ab.   <\/span><\/p>\n<\/div>\n<div>\n<p><span lang=\"EN-US\">Dar\u00fcber hinaus h\u00e4lt der Club Angebote wie hausinterne Physiotherapeuten, Eisb\u00e4der, einen Poolbereich, ein Fitnessstudio, Personal Training und Yoga-Stunden bereit. Die hochmoderne Sporteinrichtung bietet einen privilegierten Blick auf die wundersch\u00f6ne Umgebung. <\/span><\/p>\n<\/div>\n<p>[\/vc_column_text][\/vc_column][\/vc_row][vc_row row_height_percent=&#8220;0&#8243; override_padding=&#8220;yes&#8220; h_padding=&#8220;0&#8243; top_padding=&#8220;0&#8243; bottom_padding=&#8220;0&#8243; overlay_alpha=&#8220;50&#8243; gutter_size=&#8220;3&#8243; column_width_percent=&#8220;100&#8243; shift_y=&#8220;0&#8243; z_index=&#8220;0&#8243; uncode_shortcode_id=&#8220;173894&#8243; css=&#8220;.vc_custom_1722504199700{padding-bottom: 40px !important;}&#8220;][vc_column column_width_percent=&#8220;100&#8243; gutter_size=&#8220;3&#8243; overlay_alpha=&#8220;50&#8243; shift_x=&#8220;0&#8243; shift_y=&#8220;0&#8243; shift_y_down=&#8220;0&#8243; z_index=&#8220;0&#8243; medium_width=&#8220;0&#8243; mobile_width=&#8220;0&#8243; width=&#8220;2\/3&#8243; uncode_shortcode_id=&#8220;671425&#8243; css=&#8220;.vc_custom_1722355341783{padding-right: 80px !important;}&#8220;][vc_column_text uncode_shortcode_id=&#8220;125149&#8243;]<\/p>\n<div>\n<p><span lang=\"EN-US\">\u00dcber das Sportangebot hinaus ist der Club auch \u201eYour place to be\u201c f\u00fcr die internationale Gesellschaft im S\u00fcdwesten der Insel. Einer der Schaupl\u00e4tze unz\u00e4hliger Begegnungen in entspannter Atmosph\u00e4re ist das Clubrestaurant. Ob f\u00fcr eine gesunde und leichte Mahlzeit, einen Drink nach der Arbeit oder ein romantisches Abendessen unter den Sternen auf der gro\u00dfen Terrasse: Regionale und hochwertige Produkte stehen hier im Mittelpunkt. Dies sch\u00e4tzen zunehmend auch Unternehmer, die die eleganten und einladenden R\u00e4umlichkeiten des Clubs f\u00fcr Meetings und Networking nutzen.   <\/span><\/p>\n<\/div>\n<div>\n<p><span lang=\"EN-US\">Im Laufe des Jahres beherbergt der Club zahlreiche Veranstaltungen, von Sportturnieren \u00fcber Firmendinner bis hin zu privaten Feiern. Dabei reicht die Bandbreite der hochkar\u00e4tigen Events von der Ausrichtung der GlobeAir Partner Days bis hin zum bevorstehenden \u201eSpobis goes Mallorca Country Club\u201d im Oktober 2024.  <\/span><\/p>\n<\/div>\n<p>[\/vc_column_text][vc_column_text uncode_shortcode_id=&#8220;198245&#8243;]<\/p>\n<div>\n<p><span lang=\"EN-US\">Im Juni jeden Jahres steht der bedeutendste Event der Saison an: Der Mallorca Country Club richtet die Mallorca Championships ATP 250 aus, das einzige Rasenturnier im S\u00fcden Europas, das vielen Tennis-Profis als Vorbereitung f\u00fcr Wimbledon dient. W\u00e4hrend dieser Wochen wird der Club zum Gastgeber des gr\u00f6\u00dften Sportereignisses, das auf der Insel stattfindet, und zum einzigen ATP-Rasenturnier in Spanien.  <\/span><\/p>\n<\/div>\n<p>[\/vc_column_text][vc_column_text uncode_shortcode_id=&#8220;177796&#8243;]<\/p>\n<div>\n<p><span lang=\"EN-US\">Die Mallorca Championships sind nicht nur ein hochkar\u00e4tiges Tennisturnier, sondern auch ein gesellschaftliches Ereignis, das viele prominente G\u00e4ste anzieht. Die Mischung aus internationalem Lifestyle, Top-Sport-Event und einem ganz besonderen Ambiente zieht Jahr f\u00fcr Jahr VIPs und Sportlegenden an &#8211; 2024 waren unter den Besuchern des Turniers Sportlegenden wie Vicente del Bosque, J\u00fcrgen Klopp und Feliciano Lopez so wie Fu\u00dfballspieler wie Mario G\u00f6tze, Jonas Hofmann oder Niklas S\u00fcle. Boris Becker und Tommy Haas luden zu einem hochgelobten und interessanten Tennis-Talk, der im Rahmen des Turniers stattfand. Auch Sir Richard Branson und Schauspieler Mads Mikkelsen lie\u00dfen sich die spannenden Partien des Turniers nicht entgehen.    <\/span><\/p>\n<\/div>\n<p>[\/vc_column_text][vc_button border_width=&#8220;0&#8243; link=&#8220;url:https%3A%2F%2Fwww.mallorcacountryclub.es|target:_blank|&#8220; uncode_shortcode_id=&#8220;908511&#8243;]Mehr \u00fcber den Club \u2013 gleich hier[\/vc_button][\/vc_column][vc_column column_width_percent=&#8220;100&#8243; gutter_size=&#8220;3&#8243; overlay_alpha=&#8220;50&#8243; shift_x=&#8220;0&#8243; shift_y=&#8220;0&#8243; shift_y_down=&#8220;0&#8243; z_index=&#8220;0&#8243; medium_width=&#8220;0&#8243; mobile_width=&#8220;0&#8243; width=&#8220;1\/3&#8243; uncode_shortcode_id=&#8220;157523&#8243; css=&#8220;.vc_custom_1722355442763{padding-top: 30px !important;}&#8220;][vc_single_image media=&#8220;4083&#8243; media_width_percent=&#8220;100&#8243; uncode_shortcode_id=&#8220;164031&#8243;][vc_single_image media=&#8220;4086&#8243; media_width_percent=&#8220;100&#8243; uncode_shortcode_id=&#8220;438319&#8243;][vc_single_image media=&#8220;4089&#8243; media_width_percent=&#8220;100&#8243; uncode_shortcode_id=&#8220;149398&#8243;][vc_single_image media=&#8220;4114&#8243; media_width_percent=&#8220;100&#8243; uncode_shortcode_id=&#8220;100603&#8243;][\/vc_column][\/vc_row]<\/p>\n<\/div>","protected":false},"excerpt":{"rendered":"<p>Eine ganz gro\u00dfartige Kooperation haben wir f\u00fcr die ICONS Mallorca mit dem Mallorca Country Club schlie\u00dfen d\u00fcrfen\u2026<\/p>\n","protected":false},"author":1,"featured_media":4075,"comment_status":"closed","ping_status":"closed","sticky":false,"template":"","format":"standard","meta":{"footnotes":""},"categories":[20],"tags":[],"class_list":["post-4103","post","type-post","status-publish","format-standard","has-post-thumbnail","hentry","category-news"],"yoast_head":"<!-- This site is optimized with the Yoast SEO plugin v27.1.1 - https:\/\/yoast.com\/product\/yoast-seo-wordpress\/ -->\n<title>Mallorca Country Club \u2013 Your place to be - ICONS Mallorca<\/title>\n<meta name=\"robots\" content=\"index, follow, max-snippet:-1, max-image-preview:large, max-video-preview:-1\" \/>\n<link rel=\"canonical\" href=\"https:\/\/www.iconsmallorca.com\/de\/news\/mallorca-country-club-your-place-to-be\/\" \/>\n<meta property=\"og:locale\" content=\"de_DE\" \/>\n<meta property=\"og:type\" content=\"article\" \/>\n<meta property=\"og:title\" content=\"Mallorca Country Club \u2013 Your place to be - ICONS Mallorca\" \/>\n<meta property=\"og:description\" content=\"Eine ganz gro\u00dfartige Kooperation haben wir f\u00fcr die ICONS Mallorca mit dem Mallorca Country Club schlie\u00dfen d\u00fcrfen\u2026\" \/>\n<meta property=\"og:url\" content=\"https:\/\/www.iconsmallorca.com\/de\/news\/mallorca-country-club-your-place-to-be\/\" \/>\n<meta property=\"og:site_name\" content=\"ICONS Mallorca\" \/>\n<meta property=\"article:publisher\" content=\"https:\/\/www.facebook.com\/people\/ICONS-Mallorca\/61556210574876\/\" \/>\n<meta property=\"article:published_time\" content=\"2024-08-30T14:11:42+00:00\" \/>\n<meta property=\"article:modified_time\" content=\"2024-08-30T14:57:07+00:00\" \/>\n<meta property=\"og:image\" content=\"https:\/\/www.iconsmallorca.com\/wp-content\/uploads\/2024\/08\/Club-Luftaufnahme.jpg\" \/>\n\t<meta property=\"og:image:width\" content=\"709\" \/>\n\t<meta property=\"og:image:height\" content=\"708\" \/>\n\t<meta property=\"og:image:type\" content=\"image\/jpeg\" \/>\n<meta name=\"author\" content=\"iconsadmin\" \/>\n<meta name=\"twitter:card\" content=\"summary_large_image\" \/>\n<meta name=\"twitter:label1\" content=\"Verfasst von\" \/>\n\t<meta name=\"twitter:data1\" content=\"iconsadmin\" \/>\n\t<meta name=\"twitter:label2\" content=\"Gesch\u00e4tzte Lesezeit\" \/>\n\t<meta name=\"twitter:data2\" content=\"5\u00a0Minuten\" \/>\n<script type=\"application\/ld+json\" class=\"yoast-schema-graph\">{\"@context\":\"https:\/\/schema.org\",\"@graph\":[{\"@type\":\"Article\",\"@id\":\"https:\/\/www.iconsmallorca.com\/de\/news\/mallorca-country-club-your-place-to-be\/#article\",\"isPartOf\":{\"@id\":\"https:\/\/www.iconsmallorca.com\/de\/news\/mallorca-country-club-your-place-to-be\/\"},\"author\":{\"name\":\"iconsadmin\",\"@id\":\"https:\/\/www.iconsmallorca.com\/de\/#\/schema\/person\/a5ceb4c9330524efa3d3db8566c825c3\"},\"headline\":\"Mallorca Country Club \u2013 Your place to be\",\"datePublished\":\"2024-08-30T14:11:42+00:00\",\"dateModified\":\"2024-08-30T14:57:07+00:00\",\"mainEntityOfPage\":{\"@id\":\"https:\/\/www.iconsmallorca.com\/de\/news\/mallorca-country-club-your-place-to-be\/\"},\"wordCount\":986,\"publisher\":{\"@id\":\"https:\/\/www.iconsmallorca.com\/de\/#organization\"},\"image\":{\"@id\":\"https:\/\/www.iconsmallorca.com\/de\/news\/mallorca-country-club-your-place-to-be\/#primaryimage\"},\"thumbnailUrl\":\"https:\/\/www.iconsmallorca.com\/wp-content\/uploads\/2024\/08\/Club-Luftaufnahme.jpg\",\"articleSection\":[\"News\"],\"inLanguage\":\"de\"},{\"@type\":\"WebPage\",\"@id\":\"https:\/\/www.iconsmallorca.com\/de\/news\/mallorca-country-club-your-place-to-be\/\",\"url\":\"https:\/\/www.iconsmallorca.com\/de\/news\/mallorca-country-club-your-place-to-be\/\",\"name\":\"Mallorca Country Club \u2013 Your place to be - ICONS Mallorca\",\"isPartOf\":{\"@id\":\"https:\/\/www.iconsmallorca.com\/de\/#website\"},\"primaryImageOfPage\":{\"@id\":\"https:\/\/www.iconsmallorca.com\/de\/news\/mallorca-country-club-your-place-to-be\/#primaryimage\"},\"image\":{\"@id\":\"https:\/\/www.iconsmallorca.com\/de\/news\/mallorca-country-club-your-place-to-be\/#primaryimage\"},\"thumbnailUrl\":\"https:\/\/www.iconsmallorca.com\/wp-content\/uploads\/2024\/08\/Club-Luftaufnahme.jpg\",\"datePublished\":\"2024-08-30T14:11:42+00:00\",\"dateModified\":\"2024-08-30T14:57:07+00:00\",\"inLanguage\":\"de\",\"potentialAction\":[{\"@type\":\"ReadAction\",\"target\":[\"https:\/\/www.iconsmallorca.com\/de\/news\/mallorca-country-club-your-place-to-be\/\"]}]},{\"@type\":\"ImageObject\",\"inLanguage\":\"de\",\"@id\":\"https:\/\/www.iconsmallorca.com\/de\/news\/mallorca-country-club-your-place-to-be\/#primaryimage\",\"url\":\"https:\/\/www.iconsmallorca.com\/wp-content\/uploads\/2024\/08\/Club-Luftaufnahme.jpg\",\"contentUrl\":\"https:\/\/www.iconsmallorca.com\/wp-content\/uploads\/2024\/08\/Club-Luftaufnahme.jpg\",\"width\":709,\"height\":708,\"caption\":\"default\"},{\"@type\":\"WebSite\",\"@id\":\"https:\/\/www.iconsmallorca.com\/de\/#website\",\"url\":\"https:\/\/www.iconsmallorca.com\/de\/\",\"name\":\"ICONS Mallorca\",\"description\":\"Mobility Week for Good\",\"publisher\":{\"@id\":\"https:\/\/www.iconsmallorca.com\/de\/#organization\"},\"potentialAction\":[{\"@type\":\"SearchAction\",\"target\":{\"@type\":\"EntryPoint\",\"urlTemplate\":\"https:\/\/www.iconsmallorca.com\/de\/?s={search_term_string}\"},\"query-input\":{\"@type\":\"PropertyValueSpecification\",\"valueRequired\":true,\"valueName\":\"search_term_string\"}}],\"inLanguage\":\"de\"},{\"@type\":\"Organization\",\"@id\":\"https:\/\/www.iconsmallorca.com\/de\/#organization\",\"name\":\"ICONS Mallorca\",\"url\":\"https:\/\/www.iconsmallorca.com\/de\/\",\"logo\":{\"@type\":\"ImageObject\",\"inLanguage\":\"de\",\"@id\":\"https:\/\/www.iconsmallorca.com\/de\/#\/schema\/logo\/image\/\",\"url\":\"https:\/\/www.iconsmallorca.com\/wp-content\/uploads\/2024\/01\/home-logo-lightmode.png\",\"contentUrl\":\"https:\/\/www.iconsmallorca.com\/wp-content\/uploads\/2024\/01\/home-logo-lightmode.png\",\"width\":836,\"height\":599,\"caption\":\"ICONS Mallorca\"},\"image\":{\"@id\":\"https:\/\/www.iconsmallorca.com\/de\/#\/schema\/logo\/image\/\"},\"sameAs\":[\"https:\/\/www.facebook.com\/people\/ICONS-Mallorca\/61556210574876\/\",\"https:\/\/www.instagram.com\/icons.mallorca\/\",\"https:\/\/www.youtube.com\/@iconsmallorca\"]},{\"@type\":\"Person\",\"@id\":\"https:\/\/www.iconsmallorca.com\/de\/#\/schema\/person\/a5ceb4c9330524efa3d3db8566c825c3\",\"name\":\"iconsadmin\",\"sameAs\":[\"http:\/\/dev.iconsmallorca.com\"],\"url\":false}]}<\/script>\n<!-- \/ Yoast SEO plugin. -->","yoast_head_json":{"title":"Mallorca Country Club \u2013 Your place to be - ICONS Mallorca","robots":{"index":"index","follow":"follow","max-snippet":"max-snippet:-1","max-image-preview":"max-image-preview:large","max-video-preview":"max-video-preview:-1"},"canonical":"https:\/\/www.iconsmallorca.com\/de\/news\/mallorca-country-club-your-place-to-be\/","og_locale":"de_DE","og_type":"article","og_title":"Mallorca Country Club \u2013 Your place to be - ICONS Mallorca","og_description":"Eine ganz gro\u00dfartige Kooperation haben wir f\u00fcr die ICONS Mallorca mit dem Mallorca Country Club schlie\u00dfen d\u00fcrfen\u2026","og_url":"https:\/\/www.iconsmallorca.com\/de\/news\/mallorca-country-club-your-place-to-be\/","og_site_name":"ICONS Mallorca","article_publisher":"https:\/\/www.facebook.com\/people\/ICONS-Mallorca\/61556210574876\/","article_published_time":"2024-08-30T14:11:42+00:00","article_modified_time":"2024-08-30T14:57:07+00:00","og_image":[{"width":709,"height":708,"url":"https:\/\/www.iconsmallorca.com\/wp-content\/uploads\/2024\/08\/Club-Luftaufnahme.jpg","type":"image\/jpeg"}],"author":"iconsadmin","twitter_card":"summary_large_image","twitter_misc":{"Verfasst von":"iconsadmin","Gesch\u00e4tzte Lesezeit":"5\u00a0Minuten"},"schema":{"@context":"https:\/\/schema.org","@graph":[{"@type":"Article","@id":"https:\/\/www.iconsmallorca.com\/de\/news\/mallorca-country-club-your-place-to-be\/#article","isPartOf":{"@id":"https:\/\/www.iconsmallorca.com\/de\/news\/mallorca-country-club-your-place-to-be\/"},"author":{"name":"iconsadmin","@id":"https:\/\/www.iconsmallorca.com\/de\/#\/schema\/person\/a5ceb4c9330524efa3d3db8566c825c3"},"headline":"Mallorca Country Club \u2013 Your place to be","datePublished":"2024-08-30T14:11:42+00:00","dateModified":"2024-08-30T14:57:07+00:00","mainEntityOfPage":{"@id":"https:\/\/www.iconsmallorca.com\/de\/news\/mallorca-country-club-your-place-to-be\/"},"wordCount":986,"publisher":{"@id":"https:\/\/www.iconsmallorca.com\/de\/#organization"},"image":{"@id":"https:\/\/www.iconsmallorca.com\/de\/news\/mallorca-country-club-your-place-to-be\/#primaryimage"},"thumbnailUrl":"https:\/\/www.iconsmallorca.com\/wp-content\/uploads\/2024\/08\/Club-Luftaufnahme.jpg","articleSection":["News"],"inLanguage":"de"},{"@type":"WebPage","@id":"https:\/\/www.iconsmallorca.com\/de\/news\/mallorca-country-club-your-place-to-be\/","url":"https:\/\/www.iconsmallorca.com\/de\/news\/mallorca-country-club-your-place-to-be\/","name":"Mallorca Country Club \u2013 Your place to be - ICONS Mallorca","isPartOf":{"@id":"https:\/\/www.iconsmallorca.com\/de\/#website"},"primaryImageOfPage":{"@id":"https:\/\/www.iconsmallorca.com\/de\/news\/mallorca-country-club-your-place-to-be\/#primaryimage"},"image":{"@id":"https:\/\/www.iconsmallorca.com\/de\/news\/mallorca-country-club-your-place-to-be\/#primaryimage"},"thumbnailUrl":"https:\/\/www.iconsmallorca.com\/wp-content\/uploads\/2024\/08\/Club-Luftaufnahme.jpg","datePublished":"2024-08-30T14:11:42+00:00","dateModified":"2024-08-30T14:57:07+00:00","inLanguage":"de","potentialAction":[{"@type":"ReadAction","target":["https:\/\/www.iconsmallorca.com\/de\/news\/mallorca-country-club-your-place-to-be\/"]}]},{"@type":"ImageObject","inLanguage":"de","@id":"https:\/\/www.iconsmallorca.com\/de\/news\/mallorca-country-club-your-place-to-be\/#primaryimage","url":"https:\/\/www.iconsmallorca.com\/wp-content\/uploads\/2024\/08\/Club-Luftaufnahme.jpg","contentUrl":"https:\/\/www.iconsmallorca.com\/wp-content\/uploads\/2024\/08\/Club-Luftaufnahme.jpg","width":709,"height":708,"caption":"default"},{"@type":"WebSite","@id":"https:\/\/www.iconsmallorca.com\/de\/#website","url":"https:\/\/www.iconsmallorca.com\/de\/","name":"ICONS Mallorca","description":"Mobility Week for Good","publisher":{"@id":"https:\/\/www.iconsmallorca.com\/de\/#organization"},"potentialAction":[{"@type":"SearchAction","target":{"@type":"EntryPoint","urlTemplate":"https:\/\/www.iconsmallorca.com\/de\/?s={search_term_string}"},"query-input":{"@type":"PropertyValueSpecification","valueRequired":true,"valueName":"search_term_string"}}],"inLanguage":"de"},{"@type":"Organization","@id":"https:\/\/www.iconsmallorca.com\/de\/#organization","name":"ICONS Mallorca","url":"https:\/\/www.iconsmallorca.com\/de\/","logo":{"@type":"ImageObject","inLanguage":"de","@id":"https:\/\/www.iconsmallorca.com\/de\/#\/schema\/logo\/image\/","url":"https:\/\/www.iconsmallorca.com\/wp-content\/uploads\/2024\/01\/home-logo-lightmode.png","contentUrl":"https:\/\/www.iconsmallorca.com\/wp-content\/uploads\/2024\/01\/home-logo-lightmode.png","width":836,"height":599,"caption":"ICONS Mallorca"},"image":{"@id":"https:\/\/www.iconsmallorca.com\/de\/#\/schema\/logo\/image\/"},"sameAs":["https:\/\/www.facebook.com\/people\/ICONS-Mallorca\/61556210574876\/","https:\/\/www.instagram.com\/icons.mallorca\/","https:\/\/www.youtube.com\/@iconsmallorca"]},{"@type":"Person","@id":"https:\/\/www.iconsmallorca.com\/de\/#\/schema\/person\/a5ceb4c9330524efa3d3db8566c825c3","name":"iconsadmin","sameAs":["http:\/\/dev.iconsmallorca.com"],"url":false}]}},"_links":{"self":[{"href":"https:\/\/www.iconsmallorca.com\/de\/wp-json\/wp\/v2\/posts\/4103","targetHints":{"allow":["GET"]}}],"collection":[{"href":"https:\/\/www.iconsmallorca.com\/de\/wp-json\/wp\/v2\/posts"}],"about":[{"href":"https:\/\/www.iconsmallorca.com\/de\/wp-json\/wp\/v2\/types\/post"}],"author":[{"embeddable":true,"href":"https:\/\/www.iconsmallorca.com\/de\/wp-json\/wp\/v2\/users\/1"}],"replies":[{"embeddable":true,"href":"https:\/\/www.iconsmallorca.com\/de\/wp-json\/wp\/v2\/comments?post=4103"}],"version-history":[{"count":4,"href":"https:\/\/www.iconsmallorca.com\/de\/wp-json\/wp\/v2\/posts\/4103\/revisions"}],"predecessor-version":[{"id":4119,"href":"https:\/\/www.iconsmallorca.com\/de\/wp-json\/wp\/v2\/posts\/4103\/revisions\/4119"}],"wp:featuredmedia":[{"embeddable":true,"href":"https:\/\/www.iconsmallorca.com\/de\/wp-json\/wp\/v2\/media\/4075"}],"wp:attachment":[{"href":"https:\/\/www.iconsmallorca.com\/de\/wp-json\/wp\/v2\/media?parent=4103"}],"wp:term":[{"taxonomy":"category","embeddable":true,"href":"https:\/\/www.iconsmallorca.com\/de\/wp-json\/wp\/v2\/categories?post=4103"},{"taxonomy":"post_tag","embeddable":true,"href":"https:\/\/www.iconsmallorca.com\/de\/wp-json\/wp\/v2\/tags?post=4103"}],"curies":[{"name":"wp","href":"https:\/\/api.w.org\/{rel}","templated":true}]}}